{"id":32093,"date":"2024-02-06T18:04:19","date_gmt":"2024-02-06T17:04:19","guid":{"rendered":"http:\/\/usrogr.fr\/site\/?p=32093"},"modified":"2024-02-06T18:04:19","modified_gmt":"2024-02-06T17:04:19","slug":"stage-vacances-de-fevrier-2","status":"publish","type":"post","link":"https:\/\/usrogr.fr\/site\/2024\/02\/06\/stage-vacances-de-fevrier-2\/","title":{"rendered":"Stage vacances de F\u00e9vrier"},"content":{"rendered":"\n<p>Un stage est organis\u00e9 du mardi 20 au vendredi 23 f\u00e9vrier, au gymnase du Moulin \u00e0 Vent.<\/p>\n\n\n\n<ul class=\"wp-block-list\">\n<li>10h &#8211; 13h : <br>Fed A 15- : Am\u00e9lie, A\u00efcha, Enolane et Maymouna<br>Duo National : Margot et Th\u00e9a<br>Fed B TC : Rime, Lyna, Jeanne et Ozigr\u00e9e<br>Individuelles R\u00e9gional B 10-11 ans : Eden, Lahna et Meyssa<br>Individuelle Nat B : Maelys <br><\/li>\n\n\n\n<li>14h &#8211; 17h : <br>Fed B 13- : Emilie, Stellina, Sherley, Sarah<br>R\u00e9gional B 7-8-9 ans : Rayhana, Lia, Emilie et Sara-Lina<br>R\u00e9gional B 10-11 ans : La\u00efla, Kaylie-Rose, Alaa, Jihane et Nelya<br><\/li>\n\n\n\n<li>14h &#8211; 17h avec Olivia : <br>Coupe Formation 2<br>R\u00e9gionales d&rsquo;Olivia<\/li>\n<\/ul>\n\n\n\n<p><\/p>\n\n\n\n<p>Pour les gymnastes ayant choisi l&rsquo;option 1 \u00e0 l&rsquo;inscription : 8 \u20ac \/ jour, \u00e0 r\u00e9gler au plus tard le dernier jour du stage.<\/p>\n\n\n\n<p>Pour les gymnastes ayant choisi l&rsquo;option 2 \u00e0 l&rsquo;inscription : stage inclus.<\/p>\n\n\n<div class=\"wp-block-image\">\n<figure class=\"aligncenter size-large is-resized\"><img loading=\"lazy\" decoding=\"async\" width=\"1024\" height=\"683\" src=\"http:\/\/usrogr.fr\/site\/wp-content\/uploads\/2023\/08\/loisirs-7868-1024x683.jpg\" alt=\"\" class=\"wp-image-31869\" style=\"width:672px;height:448px\" srcset=\"https:\/\/usrogr.fr\/site\/wp-content\/uploads\/2023\/08\/loisirs-7868-1024x683.jpg 1024w, https:\/\/usrogr.fr\/site\/wp-content\/uploads\/2023\/08\/loisirs-7868-300x200.jpg 300w, https:\/\/usrogr.fr\/site\/wp-content\/uploads\/2023\/08\/loisirs-7868-768x512.jpg 768w, https:\/\/usrogr.fr\/site\/wp-content\/uploads\/2023\/08\/loisirs-7868.jpg 1500w\" sizes=\"auto, (max-width: 1024px) 100vw, 1024px\" \/><\/figure>\n<\/div>","protected":false},"excerpt":{"rendered":"<p>Un stage est organis\u00e9 du mardi 20 au vendredi 23 f\u00e9vrier, au gymnase du Moulin \u00e0 Vent. Pour les gymnastes ayant choisi l&rsquo;option 1 \u00e0 l&rsquo;inscription : 8 \u20ac \/ jour, \u00e0 r\u00e9gler au plus tard le dernier jour du stage. Pour les gymnastes ayant choisi l&rsquo;option 2 \u00e0 l&rsquo;inscription : stage inclus.<\/p>\n","protected":false},"author":1,"featured_media":0,"comment_status":"closed","ping_status":"","sticky":false,"template":"","format":"standard","meta":{"footnotes":""},"categories":[1],"tags":[],"class_list":["post-32093","post","type-post","status-publish","format-standard","hentry","category-non-classe"],"_links":{"self":[{"href":"https:\/\/usrogr.fr\/site\/wp-json\/wp\/v2\/posts\/32093","targetHints":{"allow":["GET"]}}],"collection":[{"href":"https:\/\/usrogr.fr\/site\/wp-json\/wp\/v2\/posts"}],"about":[{"href":"https:\/\/usrogr.fr\/site\/wp-json\/wp\/v2\/types\/post"}],"author":[{"embeddable":true,"href":"https:\/\/usrogr.fr\/site\/wp-json\/wp\/v2\/users\/1"}],"replies":[{"embeddable":true,"href":"https:\/\/usrogr.fr\/site\/wp-json\/wp\/v2\/comments?post=32093"}],"version-history":[{"count":7,"href":"https:\/\/usrogr.fr\/site\/wp-json\/wp\/v2\/posts\/32093\/revisions"}],"predecessor-version":[{"id":32136,"href":"https:\/\/usrogr.fr\/site\/wp-json\/wp\/v2\/posts\/32093\/revisions\/32136"}],"wp:attachment":[{"href":"https:\/\/usrogr.fr\/site\/wp-json\/wp\/v2\/media?parent=32093"}],"wp:term":[{"taxonomy":"category","embeddable":true,"href":"https:\/\/usrogr.fr\/site\/wp-json\/wp\/v2\/categories?post=32093"},{"taxonomy":"post_tag","embeddable":true,"href":"https:\/\/usrogr.fr\/site\/wp-json\/wp\/v2\/tags?post=32093"}],"curies":[{"name":"wp","href":"https:\/\/api.w.org\/{rel}","templated":true}]}}