{"id":31868,"date":"2023-08-11T14:51:03","date_gmt":"2023-08-11T12:51:03","guid":{"rendered":"http:\/\/usrogr.fr\/site\/?p=31868"},"modified":"2023-08-25T11:19:42","modified_gmt":"2023-08-25T09:19:42","slug":"stage-de-reprise","status":"publish","type":"post","link":"https:\/\/usrogr.fr\/site\/2023\/08\/11\/stage-de-reprise\/","title":{"rendered":"Stage de reprise"},"content":{"rendered":"\n<p>Un stage est organis\u00e9 du lundi 28 au jeudi 31 ao\u00fbt, au gymnase du Moulin \u00e0 Vent.<\/p>\n\n\n\n<ul class=\"wp-block-list\">\n<li>10h &#8211; 13h : <br>14-15 ans: Am\u00e9lie, Enolane, Ozigr\u00e9e, Rime, Ma\u00eblys<br>16-17 ans: Jeanne, Th\u00e9a, Lyna<br>18 ans et plus : Margot, Olivia et Amandine<\/li>\n\n\n\n<li>14h &#8211; 17h : <br>R\u00e9gional A 10-11 ans et 12-13 ans : Emilie, Stellina, Sherley, Sarah<br>R\u00e9gional B 10-11 ans : La\u00efla, Kaylie-Rose, Alaa, Katalyna, Eden, Nelya<br>F\u00e9d\u00e9ral 12-13 ans : Aicha, Maymouna<\/li>\n<\/ul>\n\n\n\n<p><\/p>\n\n\n\n<p>Pour les gymnastes choisissant l&rsquo;option 1 \u00e0 l&rsquo;inscription : 8 \u20ac \/ jour, \u00e0 r\u00e9gler au plus tard le dernier jour du stage.<\/p>\n\n\n\n<p>Pour les gymnastes choisissant l&rsquo;option 2 \u00e0 l&rsquo;inscription : stage inclus.<\/p>\n\n\n<div class=\"wp-block-image\">\n<figure class=\"aligncenter size-large is-resized\"><img loading=\"lazy\" decoding=\"async\" src=\"http:\/\/usrogr.fr\/site\/wp-content\/uploads\/2023\/08\/loisirs-7868-1024x683.jpg\" alt=\"\" class=\"wp-image-31869\" style=\"width:672px;height:448px\" width=\"672\" height=\"448\" srcset=\"https:\/\/usrogr.fr\/site\/wp-content\/uploads\/2023\/08\/loisirs-7868-1024x683.jpg 1024w, https:\/\/usrogr.fr\/site\/wp-content\/uploads\/2023\/08\/loisirs-7868-300x200.jpg 300w, https:\/\/usrogr.fr\/site\/wp-content\/uploads\/2023\/08\/loisirs-7868-768x512.jpg 768w, https:\/\/usrogr.fr\/site\/wp-content\/uploads\/2023\/08\/loisirs-7868.jpg 1500w\" sizes=\"auto, (max-width: 672px) 100vw, 672px\" \/><\/figure>\n<\/div>","protected":false},"excerpt":{"rendered":"<p>Un stage est organis\u00e9 du lundi 28 au jeudi 31 ao\u00fbt, au gymnase du Moulin \u00e0 Vent. Pour les gymnastes choisissant l&rsquo;option 1 \u00e0 l&rsquo;inscription : 8 \u20ac \/ jour, \u00e0 r\u00e9gler au plus tard le dernier jour du stage. Pour les gymnastes choisissant l&rsquo;option 2 \u00e0 l&rsquo;inscription : stage inclus.<\/p>\n","protected":false},"author":1,"featured_media":0,"comment_status":"closed","ping_status":"","sticky":false,"template":"","format":"standard","meta":{"footnotes":""},"categories":[11],"tags":[],"class_list":["post-31868","post","type-post","status-publish","format-standard","hentry","category-stage"],"_links":{"self":[{"href":"https:\/\/usrogr.fr\/site\/wp-json\/wp\/v2\/posts\/31868","targetHints":{"allow":["GET"]}}],"collection":[{"href":"https:\/\/usrogr.fr\/site\/wp-json\/wp\/v2\/posts"}],"about":[{"href":"https:\/\/usrogr.fr\/site\/wp-json\/wp\/v2\/types\/post"}],"author":[{"embeddable":true,"href":"https:\/\/usrogr.fr\/site\/wp-json\/wp\/v2\/users\/1"}],"replies":[{"embeddable":true,"href":"https:\/\/usrogr.fr\/site\/wp-json\/wp\/v2\/comments?post=31868"}],"version-history":[{"count":3,"href":"https:\/\/usrogr.fr\/site\/wp-json\/wp\/v2\/posts\/31868\/revisions"}],"predecessor-version":[{"id":31873,"href":"https:\/\/usrogr.fr\/site\/wp-json\/wp\/v2\/posts\/31868\/revisions\/31873"}],"wp:attachment":[{"href":"https:\/\/usrogr.fr\/site\/wp-json\/wp\/v2\/media?parent=31868"}],"wp:term":[{"taxonomy":"category","embeddable":true,"href":"https:\/\/usrogr.fr\/site\/wp-json\/wp\/v2\/categories?post=31868"},{"taxonomy":"post_tag","embeddable":true,"href":"https:\/\/usrogr.fr\/site\/wp-json\/wp\/v2\/tags?post=31868"}],"curies":[{"name":"wp","href":"https:\/\/api.w.org\/{rel}","templated":true}]}}