{"id":31051,"date":"2022-03-07T18:13:10","date_gmt":"2022-03-07T17:13:10","guid":{"rendered":"http:\/\/usrogr.fr\/site\/?p=31051"},"modified":"2022-03-07T18:13:10","modified_gmt":"2022-03-07T17:13:10","slug":"calendrier-des-competitions-competition-a-ris-orangis","status":"publish","type":"post","link":"https:\/\/usrogr.fr\/site\/2022\/03\/07\/calendrier-des-competitions-competition-a-ris-orangis\/","title":{"rendered":"Calendrier des comp\u00e9titions \/ comp\u00e9tition \u00e0 Ris-Orangis"},"content":{"rendered":"\n<p class=\"has-medium-font-size\"><a href=\"http:\/\/usrogr.fr\/site\/calendrier\/\" data-type=\"URL\" data-id=\"http:\/\/usrogr.fr\/site\/calendrier\/\">Le calendrier des comp\u00e9titions<\/a> a \u00e9t\u00e9 compl\u00e9t\u00e9, pour y inclure les lieux manquants, et une modification importante a \u00e9t\u00e9 effectu\u00e9e : le championnat de France ensemble F\u00e9d\u00e9raux aura lieu du 10 au 12 juin pour toutes les cat\u00e9gories F\u00e9d\u00e9rales, alors que les ensembles de niveau F\u00e9d\u00e9ral B et C devaient initialement avoir leur championnat de France les 4 et 5 juin.<\/p>\n\n\n\n<p><\/p>\n\n\n\n<p class=\"has-medium-font-size\"><strong>Nous avons le plaisir d&rsquo;accueillir une comp\u00e9tition inter-d\u00e9partementale les 2-3 avril au gymnase Jesse Owens. Si vous souhaitez contribuer \u00e0 la bonne marche de l&rsquo;\u00e9v\u00e9nement, n&rsquo;h\u00e9sitez pas \u00e0 nous contacter.<\/strong><\/p>\n\n\n\n<div class=\"wp-block-image\"><figure class=\"aligncenter size-large is-resized\"><img loading=\"lazy\" decoding=\"async\" src=\"http:\/\/usrogr.fr\/site\/wp-content\/uploads\/2021\/09\/interdep_ris_2019_00100-1024x683.jpg\" alt=\"\" class=\"wp-image-31052\" width=\"666\" height=\"443\" srcset=\"https:\/\/usrogr.fr\/site\/wp-content\/uploads\/2021\/09\/interdep_ris_2019_00100-1024x683.jpg 1024w, https:\/\/usrogr.fr\/site\/wp-content\/uploads\/2021\/09\/interdep_ris_2019_00100-300x200.jpg 300w, https:\/\/usrogr.fr\/site\/wp-content\/uploads\/2021\/09\/interdep_ris_2019_00100-768x512.jpg 768w, https:\/\/usrogr.fr\/site\/wp-content\/uploads\/2021\/09\/interdep_ris_2019_00100-1536x1024.jpg 1536w, https:\/\/usrogr.fr\/site\/wp-content\/uploads\/2021\/09\/interdep_ris_2019_00100.jpg 2048w\" sizes=\"auto, (max-width: 666px) 100vw, 666px\" \/><\/figure><\/div>\n","protected":false},"excerpt":{"rendered":"<p>Le calendrier des comp\u00e9titions a \u00e9t\u00e9 compl\u00e9t\u00e9, pour y inclure les lieux manquants, et une modification importante a \u00e9t\u00e9 effectu\u00e9e : le championnat de France ensemble F\u00e9d\u00e9raux aura lieu du 10 au 12 juin pour toutes les cat\u00e9gories F\u00e9d\u00e9rales, alors que les ensembles de niveau F\u00e9d\u00e9ral B et C devaient initialement avoir leur championnat de [&hellip;]<\/p>\n","protected":false},"author":1,"featured_media":0,"comment_status":"closed","ping_status":"","sticky":false,"template":"","format":"standard","meta":{"footnotes":""},"categories":[13,7],"tags":[],"class_list":["post-31051","post","type-post","status-publish","format-standard","hentry","category-competitions","category-vie-du-club"],"_links":{"self":[{"href":"https:\/\/usrogr.fr\/site\/wp-json\/wp\/v2\/posts\/31051","targetHints":{"allow":["GET"]}}],"collection":[{"href":"https:\/\/usrogr.fr\/site\/wp-json\/wp\/v2\/posts"}],"about":[{"href":"https:\/\/usrogr.fr\/site\/wp-json\/wp\/v2\/types\/post"}],"author":[{"embeddable":true,"href":"https:\/\/usrogr.fr\/site\/wp-json\/wp\/v2\/users\/1"}],"replies":[{"embeddable":true,"href":"https:\/\/usrogr.fr\/site\/wp-json\/wp\/v2\/comments?post=31051"}],"version-history":[{"count":8,"href":"https:\/\/usrogr.fr\/site\/wp-json\/wp\/v2\/posts\/31051\/revisions"}],"predecessor-version":[{"id":31257,"href":"https:\/\/usrogr.fr\/site\/wp-json\/wp\/v2\/posts\/31051\/revisions\/31257"}],"wp:attachment":[{"href":"https:\/\/usrogr.fr\/site\/wp-json\/wp\/v2\/media?parent=31051"}],"wp:term":[{"taxonomy":"category","embeddable":true,"href":"https:\/\/usrogr.fr\/site\/wp-json\/wp\/v2\/categories?post=31051"},{"taxonomy":"post_tag","embeddable":true,"href":"https:\/\/usrogr.fr\/site\/wp-json\/wp\/v2\/tags?post=31051"}],"curies":[{"name":"wp","href":"https:\/\/api.w.org\/{rel}","templated":true}]}}